{"id":1189,"date":"2014-02-23T00:57:11","date_gmt":"2014-02-22T22:57:11","guid":{"rendered":"http:\/\/www.kids-style-lounge.de\/magazin\/?p=1189"},"modified":"2014-02-23T00:57:11","modified_gmt":"2014-02-22T22:57:11","slug":"eddie-pen-isy-und-eddie-pen-gotz","status":"publish","type":"post","link":"http:\/\/www.kids-style-lounge.de\/magazin\/eddie-pen-isy-und-eddie-pen-gotz\/","title":{"rendered":"Eddie Pen Isy und Eddie Pen Gotz"},"content":{"rendered":"<h1>Mit den farbenfrohen Eddie Pen Isy und Gotz Jacken wird das Jahr f\u00fcr M\u00e4dchen und Jungen richtig bunt<\/h1>\n<p>Wenn es um das Thema Daunen geht, denken viele zuerst an frostige Wintertage mit Schnee, Eis und kaltem Wind. Das w\u00e4rmeisolierende Untergefieder von Enten und G\u00e4nsen findet seinen Weg aber l\u00e4ngst nicht nur in dicke Winterdaunenjacken. Auch andere Outdoorjacken werden immer h\u00e4ufiger mit den leichten und atmungsaktiven Daunen bef\u00fcllt, denn nat\u00fcrlich gibt es in unseren Breitengraden zwischen dem letzten Winter und dem ersten Schnee noch viele k\u00fchle Tage, an denen solche leichten Daunenjacken den K\u00f6rper angenehm warm einh\u00fcllen k\u00f6nnen. Vor allem die Kids verlieben sich schnell in diese Sommerdaunenjacken, denn sie lassen sich ungern von Wind und Wetter in der Wohnung einsperren und wollen trotzdem lieber drau\u00dfen mit ihren Freunden toben. Wenn die w\u00e4rmenden Jacken dann auch noch so leuchtend bunt und bequem daherkommen wie eine Eddie Pen Sommerjacke, ist die Begeisterung der Kleinen gleich doppelt so gro\u00df. Mit den Modellen Isy f\u00fcr M\u00e4dchen und Eddie Pen Gotz f\u00fcr Jungen machen Sie bei ihren Kindern einfach alles richtig.<\/p>\n<p><a href=\"http:\/\/www.kids-style-lounge.de\/DESIGNER\/Eddie-Pen\/Girl-2-18-J\/\"><img loading=\"lazy\" class=\"alignleft  wp-image-1190\" title=\"Eddie_Pen_Isy_Daunenjacke_sommerjacke\" src=\"http:\/\/www.kids-style-lounge.de\/magazin\/wp-content\/uploads\/2014\/02\/Eddie_Pen_Isy_Daunenjacke_sommerjacke.jpg\" alt=\"\" width=\"500\" height=\"333\" srcset=\"http:\/\/www.kids-style-lounge.de\/magazin\/wp-content\/uploads\/2014\/02\/Eddie_Pen_Isy_Daunenjacke_sommerjacke.jpg 800w, http:\/\/www.kids-style-lounge.de\/magazin\/wp-content\/uploads\/2014\/02\/Eddie_Pen_Isy_Daunenjacke_sommerjacke-300x199.jpg 300w\" sizes=\"(max-width: 500px) 100vw, 500px\" \/><\/a><\/p>\n<h2>Die relaxte Freizeitmode von Eddie Pen<\/h2>\n<p>Der Name Eddie Pen weckt Assoziationen an coole Fashion-Hotspots wie London oder New York und tats\u00e4chlich k\u00f6nnte der ebenso lockere wie urbane Eddie Pen-Stil direkt aus einer dieser Mode-Metropolen kommen. Auf den zweiten Blick entdeckt man bei Eddie Pen aber auch schnell die dezente Eleganz italienischer Modemacher. Dieser Eindruck t\u00e4uscht keinesfalls, denn das sonnige Italien ist zugleich die Heimat von Eddie Pen. Schon seit den fr\u00fchen 60er Jahren entwerfen die Designer von Eddie Pen in Padua ihre Kollektionen mit legerer Freizeitmode f\u00fcr Sie und Ihn. Seit 1991 geh\u00f6rt zu Eddie Pen auch eine Kids-Kollektion, die den Casual-Look der Eltern an den Nachwuchs weitergibt. Eddie Pen f\u00fcr die Kleinen passt Kindern ab ungef\u00e4hr zwei Jahren und hat selbst f\u00fcr Teenager im Alter von 15 oder 16 Jahren noch die passende Gr\u00f6\u00dfe im Programm.<\/p>\n<p><a href=\"http:\/\/www.kids-style-lounge.de\/DESIGNER\/Eddie-Pen\/Boy-2-18-J\/\"><img loading=\"lazy\" class=\"alignleft  wp-image-1194\" title=\"Eddie_Pen_Markus_Weste_Daunenweste\" src=\"http:\/\/www.kids-style-lounge.de\/magazin\/wp-content\/uploads\/2014\/02\/Eddie_Pen_Markus_Weste_Daunenweste.jpg\" alt=\"\" width=\"500\" height=\"333\" srcset=\"http:\/\/www.kids-style-lounge.de\/magazin\/wp-content\/uploads\/2014\/02\/Eddie_Pen_Markus_Weste_Daunenweste.jpg 800w, http:\/\/www.kids-style-lounge.de\/magazin\/wp-content\/uploads\/2014\/02\/Eddie_Pen_Markus_Weste_Daunenweste-300x199.jpg 300w\" sizes=\"(max-width: 500px) 100vw, 500px\" \/><\/a><\/p>\n<p>Neben l\u00e4ssigen Hosen und Shirts ist die Sommer Daunenjacke f\u00fcr Kinder ein echtes Highlight von Eddie Pen. Die leichten und bequemen Eddie Pen Sommerdaunen gibt es f\u00fcr M\u00e4dchen und Jungen in vielen leuchtenden Farben oder als klassisch-dezente Varianten in Schwarz oder Blau. Mit verschiedenen Steppmustern oder Glanzeffekten variieren die Designer aus Italien ihre Jacken immer neu. Ein hochgezogener Kragen sch\u00fctzt auch den Halsbereich vor kaltem Wind und ist wie der Rest der Jacke mit einem Mix aus ausgesuchten Daunen und Federn bef\u00fcllt. Jede der Jacken sitzt bequem und macht alle Bewegungen der Kinder mit, ohne die Kleinen dabei einzuzw\u00e4ngen. An den \u00c4rmeln schlie\u00dft die Eddie Pen Jacke mit elastischen B\u00fcndchen ab, die Schutz vor Wind und Wetter mit tollem Tragekomfort verbinden.<\/p>\n<p><a href=\"http:\/\/www.kids-style-lounge.de\/DESIGNER\/Eddie-Pen\/Girl-2-18-J\/\"><img loading=\"lazy\" class=\"alignleft  wp-image-1196\" title=\"Eddie_Pen_Mindel_Sommerdaunenjacke\" src=\"http:\/\/www.kids-style-lounge.de\/magazin\/wp-content\/uploads\/2014\/02\/Eddie_Pen_Mindel_Sommerdaunenjacke.jpg\" alt=\"\" width=\"500\" height=\"333\" srcset=\"http:\/\/www.kids-style-lounge.de\/magazin\/wp-content\/uploads\/2014\/02\/Eddie_Pen_Mindel_Sommerdaunenjacke.jpg 800w, http:\/\/www.kids-style-lounge.de\/magazin\/wp-content\/uploads\/2014\/02\/Eddie_Pen_Mindel_Sommerdaunenjacke-300x199.jpg 300w\" sizes=\"(max-width: 500px) 100vw, 500px\" \/><\/a><\/p>\n<h2>Unser Eddie Pen Onlineshop<\/h2>\n<p>Die coolen Sommerdaunenjacken von Eddie Pen k\u00f6nnen Sie gleich hier in der Kids-Style-Lounge f\u00fcr Ihre Kleinen bestellen. Dazu finden Sie bei uns mit Eddie Pen Markus und Eddie Pen Kathe auch noch angesagte Steppwesten f\u00fcr Jungen oder M\u00e4dchen in vielen tollen Farben und voller w\u00e4rmender Daunen. In diesen schicken Jacken und Westen werden sich Ihre Kids Tag f\u00fcr Tag rundum wohlf\u00fchlen.<\/p>\n<p>&nbsp;<\/p>\n<p><a href=\"http:\/\/www.kids-style-lounge.de\/DESIGNER\/Eddie-Pen\/View-All\/\"><img loading=\"lazy\" class=\"alignleft size-full wp-image-1048\" title=\"shop-button-kids-style-lounge-pink3\" src=\"http:\/\/www.kids-style-lounge.de\/magazin\/wp-content\/uploads\/2013\/11\/shop-button-kids-style-lounge-pink3.png\" alt=\"\" width=\"213\" height=\"43\" \/><\/a><\/p>\n","protected":false},"excerpt":{"rendered":"<p>Mit den farbenfrohen Eddie Pen Isy und Gotz Jacken wird das Jahr f\u00fcr M\u00e4dchen und Jungen richtig bunt Wenn es um das Thema Daunen geht, denken viele zuerst an frostige Wintertage mit Schnee, Eis und kaltem Wind. Das w\u00e4rmeisolierende Untergefieder von Enten und G\u00e4nsen findet seinen Weg aber l\u00e4ngst nicht nur in dicke Winterdaunenjacken. Auch &hellip; <\/p>\n","protected":false},"author":2,"featured_media":1202,"comment_status":"closed","ping_status":"open","sticky":false,"template":"","format":"standard","meta":[],"categories":[1],"tags":[24,30,18],"_links":{"self":[{"href":"http:\/\/www.kids-style-lounge.de\/magazin\/wp-json\/wp\/v2\/posts\/1189"}],"collection":[{"href":"http:\/\/www.kids-style-lounge.de\/magazin\/wp-json\/wp\/v2\/posts"}],"about":[{"href":"http:\/\/www.kids-style-lounge.de\/magazin\/wp-json\/wp\/v2\/types\/post"}],"author":[{"embeddable":true,"href":"http:\/\/www.kids-style-lounge.de\/magazin\/wp-json\/wp\/v2\/users\/2"}],"replies":[{"embeddable":true,"href":"http:\/\/www.kids-style-lounge.de\/magazin\/wp-json\/wp\/v2\/comments?post=1189"}],"version-history":[{"count":13,"href":"http:\/\/www.kids-style-lounge.de\/magazin\/wp-json\/wp\/v2\/posts\/1189\/revisions"}],"predecessor-version":[{"id":1206,"href":"http:\/\/www.kids-style-lounge.de\/magazin\/wp-json\/wp\/v2\/posts\/1189\/revisions\/1206"}],"wp:featuredmedia":[{"embeddable":true,"href":"http:\/\/www.kids-style-lounge.de\/magazin\/wp-json\/wp\/v2\/media\/1202"}],"wp:attachment":[{"href":"http:\/\/www.kids-style-lounge.de\/magazin\/wp-json\/wp\/v2\/media?parent=1189"}],"wp:term":[{"taxonomy":"category","embeddable":true,"href":"http:\/\/www.kids-style-lounge.de\/magazin\/wp-json\/wp\/v2\/categories?post=1189"},{"taxonomy":"post_tag","embeddable":true,"href":"http:\/\/www.kids-style-lounge.de\/magazin\/wp-json\/wp\/v2\/tags?post=1189"}],"curies":[{"name":"wp","href":"https:\/\/api.w.org\/{rel}","templated":true}]}}