{"id":154,"date":"2012-11-22T11:57:12","date_gmt":"2012-11-22T09:57:12","guid":{"rendered":"http:\/\/www.kids-style-lounge.de\/magazin\/?p=154"},"modified":"2013-02-21T16:52:21","modified_gmt":"2013-02-21T14:52:21","slug":"il-gufo-eine-weise-entscheidung","status":"publish","type":"post","link":"http:\/\/www.kids-style-lounge.de\/magazin\/il-gufo-eine-weise-entscheidung\/","title":{"rendered":"Il Gufo \u2013 eine weise Entscheidung"},"content":{"rendered":"<p style=\"text-align: justify;\">Eulen symbolisieren Weisheit. Und so war es im Umkehrschluss mit Sicherheit keine falsche Entscheidung, als sich die Italienerin Giovanna Miletti 1980 entschloss, ein eigenes Modelabel mit dem Titel \u201eIl Gufo\u201c aus der Taufe zu heben \u2013 \u201eIl Gufo\u201c steht im Italienischen f\u00fcr \u201edie Eule\u201c. Vorausgegangen waren viele Jahre, in denen Giovanna Miletti einen gro\u00dfen Teil ihrer Zeit damit verbrachte, ihren Kindern individuelle Kleidung zu n\u00e4hen. <!--more-->Verwandte, Freunde und Bekannte hatten an den Kreationen ebenfalls ihre Freude, und so wurde aus einer Werkstatt mit Familienanschluss in Asolo nahe Venedig im Laufe der Zeit ein weltweit t\u00e4tiger Markenproduzent.<\/p>\n<h2>Il Gufo: Eule mit Selbstbewusstsein<\/h2>\n<h2><a href=\"http:\/\/www.kids-style-lounge.de\/DESIGNER\/il-Gufo\/\"><img loading=\"lazy\" class=\"alignleft size-medium wp-image-413\" title=\"il gufo f\u00fcr Kinder\" src=\"http:\/\/www.kids-style-lounge.de\/magazin\/wp-content\/uploads\/2012\/11\/il-gufo1-e1354227418246-283x300.jpg\" alt=\"\" width=\"283\" height=\"300\" srcset=\"http:\/\/www.kids-style-lounge.de\/magazin\/wp-content\/uploads\/2012\/11\/il-gufo1-e1354227418246-283x300.jpg 283w, http:\/\/www.kids-style-lounge.de\/magazin\/wp-content\/uploads\/2012\/11\/il-gufo1-e1354227418246.jpg 502w\" sizes=\"(max-width: 283px) 100vw, 283px\" \/><\/a><\/h2>\n<p style=\"text-align: justify;\">Die Familie Miletti nimmt f\u00fcr sich in Anspruch, beim Design der Kleidungsst\u00fccke die Angebote der Wettbewerber schlicht zu ignorieren. Entworfen wird, was den Modesch\u00f6pfern gef\u00e4llt und bei den Kids gut ankommt \u2013 \u201e<a href=\"http:\/\/www.kids-style-lounge.de\/DESIGNER\/il-Gufo\/\">Il Gufo<\/a>\u201c f\u00e4hrt damit seit vielen Jahren nachweislich gut, und selbst bei der Entscheidung, welche Farbe in der n\u00e4chsten Saison angesagt ist, nimmt Il Gufo nicht unbedingt R\u00fccksicht auf den Mainstream. Und noch etwas steht ganz oben auf der Agenda von Il Gufo: Allerbeste Produktqualit\u00e4t. Eine Daunenjacke von <strong>Il Gufo<\/strong> ist auch wirklich mit echten Daunen und Federn gef\u00fcttert, Fellkr\u00e4nze sind aus echtem Fell, und die N\u00e4hte halten auch einen ausgiebigen und intensiven Besuch auf dem Spielplatz aus \u2013 wenngleich die Produkte nicht unbedingt f\u00fcr diesen Zweck gedacht sind.<\/p>\n<p style=\"text-align: center;\"><a href=\"http:\/\/www.kids-style-lounge.de\/DESIGNER\/il-Gufo\/\"><img loading=\"lazy\" class=\"aligncenter  wp-image-288\" title=\"Il Gufo Kindermode\" src=\"http:\/\/www.kids-style-lounge.de\/magazin\/wp-content\/uploads\/2012\/11\/155615_520944394599528_1624944624_n.jpg\" alt=\"\" width=\"434\" height=\"315\" srcset=\"http:\/\/www.kids-style-lounge.de\/magazin\/wp-content\/uploads\/2012\/11\/155615_520944394599528_1624944624_n.jpg 620w, http:\/\/www.kids-style-lounge.de\/magazin\/wp-content\/uploads\/2012\/11\/155615_520944394599528_1624944624_n-300x217.jpg 300w\" sizes=\"(max-width: 434px) 100vw, 434px\" \/><\/a><\/p>\n<h2>Praktischer Nutzen und beste Qualit\u00e4t<\/h2>\n<p style=\"text-align: justify;\">Neben edlem Geschmack beweisen die Sch\u00f6pfer von <strong>Il Gufo Mode<\/strong> aus viel Sinn f\u00fcr den praktischen Nutzen ihrer Produkte. Der Schneeanzug f\u00fcr Babys zum Beispiel hat zwei Rei\u00dfverschl\u00fcsse statt nur einem \u2013 damit das Windeln wechseln leichter und schneller bewerkstelligt werden kann. F\u00e4ustlinge, Kapuze und Fell sind abnehmbar, und ganz der Tradition einer italienischen Gro\u00dffamilie folgend, sind die Kleidungsst\u00fccke von Il Gufo so zeitlos und langlebig, dass sich durchaus mehr als nur eine Generation erfreuen kann.<\/p>\n","protected":false},"excerpt":{"rendered":"<p>Eulen symbolisieren Weisheit. Und so war es im Umkehrschluss mit Sicherheit keine falsche Entscheidung, als sich die Italienerin Giovanna Miletti 1980 entschloss, ein eigenes Modelabel mit dem Titel \u201eIl Gufo\u201c aus der Taufe zu heben \u2013 \u201eIl Gufo\u201c steht im Italienischen f\u00fcr \u201edie Eule\u201c. Vorausgegangen waren viele Jahre, in denen Giovanna Miletti einen gro\u00dfen Teil &hellip; <\/p>\n","protected":false},"author":1,"featured_media":168,"comment_status":"closed","ping_status":"open","sticky":false,"template":"","format":"standard","meta":[],"categories":[1],"tags":[],"_links":{"self":[{"href":"http:\/\/www.kids-style-lounge.de\/magazin\/wp-json\/wp\/v2\/posts\/154"}],"collection":[{"href":"http:\/\/www.kids-style-lounge.de\/magazin\/wp-json\/wp\/v2\/posts"}],"about":[{"href":"http:\/\/www.kids-style-lounge.de\/magazin\/wp-json\/wp\/v2\/types\/post"}],"author":[{"embeddable":true,"href":"http:\/\/www.kids-style-lounge.de\/magazin\/wp-json\/wp\/v2\/users\/1"}],"replies":[{"embeddable":true,"href":"http:\/\/www.kids-style-lounge.de\/magazin\/wp-json\/wp\/v2\/comments?post=154"}],"version-history":[{"count":9,"href":"http:\/\/www.kids-style-lounge.de\/magazin\/wp-json\/wp\/v2\/posts\/154\/revisions"}],"predecessor-version":[{"id":526,"href":"http:\/\/www.kids-style-lounge.de\/magazin\/wp-json\/wp\/v2\/posts\/154\/revisions\/526"}],"wp:featuredmedia":[{"embeddable":true,"href":"http:\/\/www.kids-style-lounge.de\/magazin\/wp-json\/wp\/v2\/media\/168"}],"wp:attachment":[{"href":"http:\/\/www.kids-style-lounge.de\/magazin\/wp-json\/wp\/v2\/media?parent=154"}],"wp:term":[{"taxonomy":"category","embeddable":true,"href":"http:\/\/www.kids-style-lounge.de\/magazin\/wp-json\/wp\/v2\/categories?post=154"},{"taxonomy":"post_tag","embeddable":true,"href":"http:\/\/www.kids-style-lounge.de\/magazin\/wp-json\/wp\/v2\/tags?post=154"}],"curies":[{"name":"wp","href":"https:\/\/api.w.org\/{rel}","templated":true}]}}